[{"@context":"https:\/\/schema.org\/","@type":"Article","@id":"https:\/\/www.solartis.cz\/zlati-komuniste\/#Article","mainEntityOfPage":"https:\/\/www.solartis.cz\/zlati-komuniste\/","headline":"Zlat\u00ed komunist\u00e9","name":"Zlat\u00ed komunist\u00e9","description":"Pro vyvr\u00e1cen\u00ed tvrzen\u00ed, \u017ee se lidem za komunist\u016f \u017eilo l\u00e9pe sta\u010d\u00ed m\u00e1lo. Pokud pomineme podstatnou skute\u010dnost, \u017ee za komunistick\u00e9 totality jsme \u017eili v\u00a0nesvobod\u011b, kter\u00e1 se projevovala v\u00a0ka\u017edodenn\u00edm \u017eivot\u011b a jasn\u011b omezovala celou spole\u010dnost a zam\u011b\u0159\u00edme se pouze na ekonomiku, tak sta\u010d\u00ed porovnat v\u00fdvoj HDP a kupn\u00ed s\u00edly obyvatel v\u00a0\u010dase. Tyto politicky nez\u00e1visl\u00e1 data si m\u016f\u017ee ka\u017ed\u00fd vyhledat na internetu. Jejich [&hellip;]","datePublished":"2024-08-27","dateModified":"2024-08-27","author":{"@type":"Person","@id":"https:\/\/www.solartis.cz\/author\/#Person","name":"","url":"https:\/\/www.solartis.cz\/author\/","identifier":1,"image":{"@type":"ImageObject","@id":"https:\/\/secure.gravatar.com\/avatar\/d6cba3ab97c30e0df0e32548954cb6b1550f4672bd3a4687bf1118b122d757e8?s=96&d=mm&r=g","url":"https:\/\/secure.gravatar.com\/avatar\/d6cba3ab97c30e0df0e32548954cb6b1550f4672bd3a4687bf1118b122d757e8?s=96&d=mm&r=g","height":96,"width":96}},"publisher":{"@type":"Organization","name":"solartis.cz","logo":{"@type":"ImageObject","@id":"\/logo.png","url":"\/logo.png","width":600,"height":60}},"image":{"@type":"ImageObject","@id":"https:\/\/www.solartis.cz\/wp-content\/uploads\/vdnh-3720760_1280.jpg","url":"https:\/\/www.solartis.cz\/wp-content\/uploads\/vdnh-3720760_1280.jpg","height":0,"width":0},"url":"https:\/\/www.solartis.cz\/zlati-komuniste\/","about":["Politika"],"wordCount":674,"articleBody":"Pro vyvr\u00e1cen\u00ed tvrzen\u00ed, \u017ee se lidem za komunist\u016f \u017eilo l\u00e9pe sta\u010d\u00ed m\u00e1lo. Pokud pomineme podstatnou skute\u010dnost, \u017ee za komunistick\u00e9 totality jsme \u017eili v\u00a0nesvobod\u011b, kter\u00e1 se projevovala v\u00a0ka\u017edodenn\u00edm \u017eivot\u011b a jasn\u011b omezovala celou spole\u010dnost a zam\u011b\u0159\u00edme se pouze na ekonomiku, tak sta\u010d\u00ed porovnat v\u00fdvoj HDP a kupn\u00ed s\u00edly obyvatel v\u00a0\u010dase. Tyto politicky nez\u00e1visl\u00e1 data si m\u016f\u017ee ka\u017ed\u00fd vyhledat na internetu. Jejich porovn\u00e1n\u00edm od pov\u00e1le\u010dn\u00e9ho obdob\u00ed do dne\u0161n\u00ed dn\u016f lze jednozna\u010dn\u011b vyvr\u00e1tit tvrzen\u00ed o tom, \u017ee za komunist\u016f jsme se m\u011bli ekonomicky l\u00e9pe.\u00a0Kdo d\u00e1v\u00e1 p\u0159ednost p\u0159ed porovn\u00e1n\u00ed dat osobn\u00edmu pohledu, tak si m\u016f\u017ee ud\u011blat v\u00fdlet do Rakouska a vizu\u00e1ln\u011b porovnat \u017eivotn\u00ed \u00farove\u0148 t\u00e9to sousedn\u00ed zem\u011b z\u00a0na\u0161\u00ed. P\u0159itom je pr\u016fkazn\u00e9, \u017ee Rakousko na tom nebylo po v\u00e1lce l\u00e9pe ne\u017e \u010ceskoslovensko. Sp\u00ed\u0161e naopak. Ta zm\u011bna ve v\u00fdvoji ekonomik obou st\u00e1tu prob\u00edhala pr\u00e1v\u011b za vl\u00e1dy komunist\u016f. P\u0159itom porovn\u00e1n\u00ed t\u011bchto dvou zem\u00ed je v\u00edce, ne\u017e na m\u00edst\u011b. V\u00a0mnoha ohledech se jedn\u00e1 o velmi srovnateln\u00e9 zem\u011b, tak kde se stala chyba?Ji\u017e v\u00a0devades\u00e1tilet\u00fdch letech, kdy\u017e padl totalitn\u00ed re\u017eim a my jsme se mohli poprv\u00e9 pod\u00edvat do V\u00eddn\u011b, tak jsme v\u0161ichni obdivn\u011b posuzovali o kolik se maj\u00ed l\u00e9pe. Dnes ji\u017e jsme si na to zvykli, jednak tam m\u016f\u017eeme svobodn\u011b jezdit a pak se i na\u0161e \u017eivotn\u00ed \u00farove\u0148 od t\u00e9 doby zved\u00e1. Ohledn\u011b svobody, kdy\u017e jsme museli b\u00fdt poslu\u0161n\u00ed v\u00fdchodn\u00ed mocnosti a trp\u011bt na na\u0161em \u00fazem\u00ed jejich vojsko, je zbyte\u010dn\u00e9 tehdej\u0161\u00ed miz\u00e9rii zpochyb\u0148ovat.\u00a0P\u0159es tyto fakta ji\u017e od druh\u00e9 poloviny devades\u00e1t\u00fdch let se za\u010daly objevovat hlasy, \u017ee za komunist\u016f bylo l\u00e9pe. Tenkr\u00e1t je za\u010dali \u0161\u00ed\u0159it komunist\u00e9, kdy\u017e pochopili, \u017ee za sv\u00e9 zlo\u010diny sp\u00e1chan\u00e9 po desetilet\u00ed neponesou \u017e\u00e1dn\u00e9 n\u00e1sledky. To jim dodalo odvahy a za\u010dali \u0161\u00ed\u0159it tyto l\u017ei. Lze jen konstatovat, \u017ee nepotrest\u00e1n\u00ed komunistick\u00fdch zlo\u010din\u016f byla jedna z\u00a0nejv\u011bt\u0161\u00edch chyb porevolu\u010dn\u00ed spole\u010dnosti. Tady ne\u0161lo o to zav\u0159\u00edt do v\u011bzen\u00ed kdejak\u00e9ho komunistick\u00e9ho kolaboranta v\u00a0seniln\u00edm v\u011bku na do\u017eivot\u00ed, i kdy\u017e by si to \u010dasto zaslou\u017eil. \u0160lo sp\u00ed\u0161e o to jasn\u011bji tyto zlo\u010diny ozna\u010dit a pojmenovat, jasn\u011b uk\u00e1zat prstem a t\u00edm vyj\u00e1d\u0159it, \u017ee se stav\u00edme za spravedlivou spole\u010dnost. T\u00edm, \u017ee spole\u010dnost rezignovala na vyrovn\u00e1n\u00ed se s\u00a0minulost\u00ed sebou nep\u0159in\u00e1\u0161\u00ed jen pocit nespravedlnosti, ale vrac\u00ed to odvahu komunist\u016f a jejich n\u00e1sledovn\u00edk\u016fm se znova projevit. Prakticky se d\u00e1 napsat, \u017ee komunist\u00e9 vyhnan\u00ed dve\u0159mi se d\u00edky na\u0161\u00ed ned\u016fslednosti vrac\u00ed oknem. Nen\u00ed podstatn\u00e9, \u017ee mnoz\u00ed si \u0159\u00edkaj\u00ed jinak, ale jejich styl a my\u0161len\u00ed je shodn\u00e9. Proto je lze rozeznat.\u00a0Pracuj\u00ed s\u00a0populismem a opra\u0161uj\u00ed komunistick\u00e9 my\u0161lenky z\u00a0devades\u00e1t\u00fdch let, \u017ee za komunist\u016f bylo l\u00e9pe a dnes se m\u00e1me \u0161patn\u011b. Lid\u00e9 se slab\u00fdm kritick\u00fdm my\u0161len\u00edm, \u010dasto se slab\u0161\u00edch soci\u00e1ln\u00edch skupin jim naslouchaj\u00ed. Proto\u017ee je jednodu\u0161\u0161\u00ed uv\u011b\u0159it, \u017ee za osobn\u00ed ne\u00fasp\u011bch, nebo r\u016fznou osobn\u00ed frustraci m\u016f\u017ee n\u011bkdo jin\u00fd, ne\u017e oni sami. \u010c\u00e1ste\u010dn\u011b mohou m\u00edt pravdu, proto\u017ee politici nap\u0159\u00ed\u010d v\u0161emi stranami zanedb\u00e1vali n\u011bkter\u00e9 soci\u00e1ln\u00ed ot\u00e1zky, co\u017e se nejv\u00edce projevuje v\u00a0m\u00e9n\u011b rozvinut\u00fdch regi\u00f3nech. Kde d\u00edky tomu roste nespokojenost a frustrace, kterou politi\u010dt\u00ed populist\u00e9 zneu\u017e\u00edvaj\u00ed k\u00a0z\u00edsk\u00e1n\u00ed politick\u00e9 podpory. Sta\u010d\u00ed jim k\u00a0tomu oslovit vhodnou soci\u00e1ln\u00ed skupinu mixem l\u017e\u00ed a polopravd. Pro osloven\u00e9 je \u010dasto pohodln\u011bj\u0161\u00ed naslouchat a uv\u011b\u0159it, ne\u017e si fakta ov\u011b\u0159it. Proto mohou tvrdit, \u017ee za komunist\u016f bylo l\u00e9pe, i kdy\u017e to tak pr\u016fkazn\u011b nen\u00ed.                                                                                                                                                                                                                                                                                                                                                                                        5\/5 - (3 votes)        "},{"@context":"https:\/\/schema.org\/","@type":"BreadcrumbList","itemListElement":[{"@type":"ListItem","position":1,"name":"Zlat\u00ed komunist\u00e9","item":"https:\/\/www.solartis.cz\/zlati-komuniste\/#breadcrumbitem"}]}]