{"@context":"https:\/\/schema.org\/","@type":"CollectionPage","@id":"https:\/\/www.solartis.cz\/veda\/#CollectionPage","headline":"V\u011bda Category","description":"","url":"https:\/\/www.solartis.cz\/veda\/","hasPart":[{"@type":"Article","@id":"https:\/\/www.solartis.cz\/jak-se-vyvinuli-dnesni-ptaci\/","headline":"Jak se vyvinuli dne\u0161n\u00ed pt\u00e1ci","url":"https:\/\/www.solartis.cz\/jak-se-vyvinuli-dnesni-ptaci\/","datePublished":"2022-08-17","dateModified":"2023-05-01","mainEntityOfPage":"https:\/\/www.solartis.cz\/jak-se-vyvinuli-dnesni-ptaci\/","author":{"@type":"Person","@id":"https:\/\/www.solartis.cz\/author\/#Person","name":"","url":"https:\/\/www.solartis.cz\/author\/","identifier":1,"image":{"@type":"ImageObject","@id":"https:\/\/secure.gravatar.com\/avatar\/d6cba3ab97c30e0df0e32548954cb6b1550f4672bd3a4687bf1118b122d757e8?s=96&d=mm&r=g","url":"https:\/\/secure.gravatar.com\/avatar\/d6cba3ab97c30e0df0e32548954cb6b1550f4672bd3a4687bf1118b122d757e8?s=96&d=mm&r=g","height":96,"width":96}},"publisher":{"@type":"Organization","name":"solartis.cz","logo":{"@type":"ImageObject","@id":"\/logo.png","url":"\/logo.png","width":600,"height":60}},"image":{"@type":"ImageObject","@id":"https:\/\/www.solartis.cz\/wp-content\/uploads\/ptak1.jpg","url":"https:\/\/www.solartis.cz\/wp-content\/uploads\/ptak1.jpg","height":0,"width":0},"keywords":null},{"@type":"Article","@id":"https:\/\/www.solartis.cz\/ktera-veda-je-nejslozitejsi\/","headline":"Kter\u00e1 v\u011bda je nejslo\u017eit\u011bj\u0161\u00ed?","url":"https:\/\/www.solartis.cz\/ktera-veda-je-nejslozitejsi\/","datePublished":"2022-03-11","dateModified":"2023-05-01","mainEntityOfPage":"https:\/\/www.solartis.cz\/ktera-veda-je-nejslozitejsi\/","author":{"@type":"Person","@id":"https:\/\/www.solartis.cz\/author\/#Person","name":"","url":"https:\/\/www.solartis.cz\/author\/","identifier":1,"image":{"@type":"ImageObject","@id":"https:\/\/secure.gravatar.com\/avatar\/d6cba3ab97c30e0df0e32548954cb6b1550f4672bd3a4687bf1118b122d757e8?s=96&d=mm&r=g","url":"https:\/\/secure.gravatar.com\/avatar\/d6cba3ab97c30e0df0e32548954cb6b1550f4672bd3a4687bf1118b122d757e8?s=96&d=mm&r=g","height":96,"width":96}},"publisher":{"@type":"Organization","name":"solartis.cz","logo":{"@type":"ImageObject","@id":"\/logo.png","url":"\/logo.png","width":600,"height":60}},"image":{"@type":"ImageObject","@id":"https:\/\/www.solartis.cz\/wp-content\/uploads\/solar-system-gc4ebc41e7_640.jpg","url":"https:\/\/www.solartis.cz\/wp-content\/uploads\/solar-system-gc4ebc41e7_640.jpg","height":0,"width":0},"keywords":null},{"@type":"Article","@id":"https:\/\/www.solartis.cz\/nase-biosfera-a-jeji-druhy\/","headline":"Na\u0161e biosf\u00e9ra a jej\u00ed druhy","url":"https:\/\/www.solartis.cz\/nase-biosfera-a-jeji-druhy\/","datePublished":"2022-01-07","dateModified":"2023-05-01","mainEntityOfPage":"https:\/\/www.solartis.cz\/nase-biosfera-a-jeji-druhy\/","author":{"@type":"Person","@id":"https:\/\/www.solartis.cz\/author\/#Person","name":"","url":"https:\/\/www.solartis.cz\/author\/","identifier":1,"image":{"@type":"ImageObject","@id":"https:\/\/secure.gravatar.com\/avatar\/d6cba3ab97c30e0df0e32548954cb6b1550f4672bd3a4687bf1118b122d757e8?s=96&d=mm&r=g","url":"https:\/\/secure.gravatar.com\/avatar\/d6cba3ab97c30e0df0e32548954cb6b1550f4672bd3a4687bf1118b122d757e8?s=96&d=mm&r=g","height":96,"width":96}},"publisher":{"@type":"Organization","name":"solartis.cz","logo":{"@type":"ImageObject","@id":"\/logo.png","url":"\/logo.png","width":600,"height":60}},"image":{"@type":"ImageObject","@id":"https:\/\/www.solartis.cz\/wp-content\/uploads\/pexels-svetla-%D1%84%D0%BE%D1%82%D0%BE%D0%BF%D0%B0%D0%B2%D0%B8%D0%BB%D0%B8%D0%BE%D0%BD-8402770.jpg","url":"https:\/\/www.solartis.cz\/wp-content\/uploads\/pexels-svetla-%D1%84%D0%BE%D1%82%D0%BE%D0%BF%D0%B0%D0%B2%D0%B8%D0%BB%D0%B8%D0%BE%D0%BD-8402770.jpg","height":0,"width":0},"keywords":null},{"@type":"Article","@id":"https:\/\/www.solartis.cz\/proc-vice-pit\/","headline":"Pro\u010d v\u00edce p\u00edt?","url":"https:\/\/www.solartis.cz\/proc-vice-pit\/","datePublished":"2020-02-08","dateModified":"2023-05-01","mainEntityOfPage":"https:\/\/www.solartis.cz\/proc-vice-pit\/","author":{"@type":"Person","@id":"https:\/\/www.solartis.cz\/author\/#Person","name":"","url":"https:\/\/www.solartis.cz\/author\/","identifier":1,"image":{"@type":"ImageObject","@id":"https:\/\/secure.gravatar.com\/avatar\/d6cba3ab97c30e0df0e32548954cb6b1550f4672bd3a4687bf1118b122d757e8?s=96&d=mm&r=g","url":"https:\/\/secure.gravatar.com\/avatar\/d6cba3ab97c30e0df0e32548954cb6b1550f4672bd3a4687bf1118b122d757e8?s=96&d=mm&r=g","height":96,"width":96}},"publisher":{"@type":"Organization","name":"solartis.cz","logo":{"@type":"ImageObject","@id":"\/logo.png","url":"\/logo.png","width":600,"height":60}},"image":{"@type":"ImageObject","@id":"https:\/\/www.solartis.cz\/wp-content\/uploads\/img_a370977_w4426_t1582620458.jpg","url":"https:\/\/www.solartis.cz\/wp-content\/uploads\/img_a370977_w4426_t1582620458.jpg","height":0,"width":0},"keywords":null}]}