[{"@context":"https:\/\/schema.org\/","@type":"Article","@id":"https:\/\/www.solartis.cz\/stehovani-z-prahy-na-venkov\/#Article","mainEntityOfPage":"https:\/\/www.solartis.cz\/stehovani-z-prahy-na-venkov\/","headline":"St\u011bhov\u00e1n\u00ed z Prahy na venkov","name":"St\u011bhov\u00e1n\u00ed z Prahy na venkov","description":"Bydl\u00edte v Praze, ale v posledn\u00ed dob\u011b v\u00e1m p\u0159ipad\u00e1, \u017ee je m\u011bsto \u010d\u00edm d\u00e1l v\u00edce stresuj\u00edc\u00edm m\u00edstem pro \u017eivot? \u017de je tu v\u00edce smogu, siln\u011bj\u0161\u00ed automobilov\u00fd provoz a zhor\u0161en\u00e9 mezilidsk\u00e9 vztahy? A m\u00e1te mo\u017enost prodat byt v Praze a odst\u011bhovat se na venkov, t\u0159eba do celoro\u010dn\u011b obyvateln\u00e9 chaty? N\u011bkte\u0159\u00ed lid\u00e9 u\u017e to ud\u011blali, a zjistili, \u017ee jim pra\u017esk\u00e1 spole\u010dnost nesch\u00e1z\u00ed, [&hellip;]","datePublished":"2023-12-31","dateModified":"2023-12-31","author":{"@type":"Person","@id":"https:\/\/www.solartis.cz\/author\/#Person","name":"","url":"https:\/\/www.solartis.cz\/author\/","identifier":1,"image":{"@type":"ImageObject","@id":"https:\/\/secure.gravatar.com\/avatar\/d6cba3ab97c30e0df0e32548954cb6b1550f4672bd3a4687bf1118b122d757e8?s=96&d=mm&r=g","url":"https:\/\/secure.gravatar.com\/avatar\/d6cba3ab97c30e0df0e32548954cb6b1550f4672bd3a4687bf1118b122d757e8?s=96&d=mm&r=g","height":96,"width":96}},"publisher":{"@type":"Organization","name":"solartis.cz","logo":{"@type":"ImageObject","@id":"\/logo.png","url":"\/logo.png","width":600,"height":60}},"image":{"@type":"ImageObject","@id":"https:\/\/www.solartis.cz\/wp-content\/uploads\/box-2098116_640_6.jpg","url":"https:\/\/www.solartis.cz\/wp-content\/uploads\/box-2098116_640_6.jpg","height":0,"width":0},"url":"https:\/\/www.solartis.cz\/stehovani-z-prahy-na-venkov\/","about":["Web"],"wordCount":426,"articleBody":"   Bydl\u00edte v Praze, ale v posledn\u00ed dob\u011b v\u00e1m p\u0159ipad\u00e1, \u017ee je m\u011bsto \u010d\u00edm d\u00e1l v\u00edce stresuj\u00edc\u00edm m\u00edstem pro \u017eivot? \u017de je tu v\u00edce smogu, siln\u011bj\u0161\u00ed automobilov\u00fd provoz a zhor\u0161en\u00e9 mezilidsk\u00e9 vztahy? A m\u00e1te mo\u017enost prodat byt v Praze a odst\u011bhovat se na venkov, t\u0159eba do celoro\u010dn\u011b obyvateln\u00e9 chaty? N\u011bkte\u0159\u00ed lid\u00e9 u\u017e to ud\u011blali, a zjistili, \u017ee jim pra\u017esk\u00e1 spole\u010dnost nesch\u00e1z\u00ed, a naopak maj\u00ed bl\u00ed\u017ee k p\u0159\u00edrod\u011b. Jestli\u017ee maj\u00ed k dispozici vlastn\u00ed v\u016fz a maj\u00ed-li mo\u017enost doj\u00ed\u017ed\u011bt do zam\u011bstn\u00e1n\u00ed i z v\u011bt\u0161\u00ed vzd\u00e1lenosti, st\u00e1le se vyplat\u00ed toto \u0159e\u0161en\u00ed mnohem v\u00edc, ne\u017e \u017e\u00edt v m\u00edst\u011b, kter\u00e9 n\u00e1m zkracuje \u017eivot.Jestli\u017ee tedy organizujete st\u011bhov\u00e1n\u00ed z Prahy http:\/\/www.odnesto.cz\/levne-stehovani-praha\/, a naj\u00edm\u00e1te si st\u011bhovac\u00ed firmu, na co byste nem\u011bli zapomenout, abyste se nedostali do zbyte\u010dn\u00fdch probl\u00e9m\u016f?N\u00e1bytek \u2013 m\u00e1te-li doma rozeb\u00edrateln\u00fd n\u00e1bytek, a toho je v sou\u010dasn\u00e9 dob\u011b v prodeji v\u011bt\u0161ina, m\u011bli byste jej demontovat a p\u0159est\u011bhovat zvl\u00e1\u0161\u0165, t\u00edm se chr\u00e1n\u00ed spojovac\u00ed sou\u010d\u00e1sti p\u0159ed po\u0161kozen\u00edm. U velk\u00fdch kus\u016f n\u00e1bytku se ale m\u016f\u017eete dostat do probl\u00e9m\u016f a m\u016f\u017eete jej p\u0159i demont\u00e1\u017ei nevratn\u011b po\u0161kodit. Jestli\u017ee si na tuto pr\u00e1ci netrouf\u00e1te sami, sv\u011b\u0159te j\u00ed st\u011bhovac\u00ed firm\u011b, st\u011bhov\u00e1ci tyto z\u00e1le\u017eitosti \u0159e\u0161\u00ed b\u011b\u017en\u011b a nen\u00ed to zrovna nadstandardn\u00ed pracovn\u00ed proces.Parkov\u00e1n\u00ed \u2013 maj\u00ed st\u011bhov\u00e1ci kde zaparkovat? P\u0159ed va\u0161\u00ed chatou to probl\u00e9m z\u0159ejm\u011b nebude, ale v Praze? M\u00e1te pro n\u011b v Praze rezervovan\u00e9 parkovac\u00ed m\u00edsto? Na toto byste opravdu nem\u011bli zapomenout, proto\u017ee se tu za parkov\u00e1n\u00ed plat\u00ed, co\u017e z\u0159ejm\u011b dob\u0159e v\u00edte, a mimo\u0159\u00e1dn\u00e1 akce tedy vy\u017eaduje mimo\u0159\u00e1dnou platbu. O parkovac\u00ed m\u00edsto mus\u00edte po\u017e\u00e1dat m\u011bstsk\u00fd magistr\u00e1t, a to ve lh\u016ft\u011b alespo\u0148 t\u0159iceti dn\u016f p\u0159ed st\u011bhov\u00e1n\u00edm. Zaji\u0161t\u011bn\u00edm parkovac\u00edho m\u00edsta se vyhnete komplikac\u00edm, a to dosti zna\u010dn\u00fdm. Nebudete t\u00edm riskovat jedn\u00e1n\u00ed s polici\u00ed, \u0159e\u0161en\u00edm p\u0159estupku a hrazen\u00edm pokuty, nehled\u011b na p\u0159eru\u0161en\u00ed st\u011bhovac\u00edho procesu a p\u0159esunut\u00ed st\u011bhov\u00e1n\u00ed o dal\u0161\u00edch p\u00e1r t\u00fddn\u016f dop\u0159edu.                                                                                                                                                                                                                                                                                                                                                                                          5\/5 - (2 votes)        "},{"@context":"https:\/\/schema.org\/","@type":"BreadcrumbList","itemListElement":[{"@type":"ListItem","position":1,"name":"St\u011bhov\u00e1n\u00ed z Prahy na venkov","item":"https:\/\/www.solartis.cz\/stehovani-z-prahy-na-venkov\/#breadcrumbitem"}]}]