[{"@context":"https:\/\/schema.org\/","@type":"Article","@id":"https:\/\/www.solartis.cz\/politika-je-umeni-mozneho\/#Article","mainEntityOfPage":"https:\/\/www.solartis.cz\/politika-je-umeni-mozneho\/","headline":"Politika je um\u011bn\u00ed mo\u017en\u00e9ho","name":"Politika je um\u011bn\u00ed mo\u017en\u00e9ho","description":"Ka\u017ed\u00e1 zem na sv\u011bt\u011b pot\u0159ebuje, aby j\u00ed n\u011bkdo vl\u00e1dnul. Aby m\u011bla n\u011bjakou autoritu, kter\u00e1 za\u0159\u00edd\u00ed, aby to tu v\u0161echno dohromady n\u011bjak fungovalo, aby tady nepanoval chaos a bezpr\u00e1v\u00ed, kde by si ka\u017ed\u00fd d\u011blal, co ho napadne. A politika neslou\u017e\u00ed jenom k\u00a0tomu, aby m\u011bli lidi n\u011bjak\u00e9ho st\u00e1tu sv\u00e9 p\u00e1ny, kte\u0159\u00ed za n\u011b rozhoduj\u00ed, ale taky aby n\u011bkdo takovou zem reprezentoval v\u00a0cizin\u011b, [&hellip;]","datePublished":"2021-09-20","dateModified":"2023-05-01","author":{"@type":"Person","@id":"https:\/\/www.solartis.cz\/author\/#Person","name":"","url":"https:\/\/www.solartis.cz\/author\/","identifier":1,"image":{"@type":"ImageObject","@id":"https:\/\/secure.gravatar.com\/avatar\/d6cba3ab97c30e0df0e32548954cb6b1550f4672bd3a4687bf1118b122d757e8?s=96&d=mm&r=g","url":"https:\/\/secure.gravatar.com\/avatar\/d6cba3ab97c30e0df0e32548954cb6b1550f4672bd3a4687bf1118b122d757e8?s=96&d=mm&r=g","height":96,"width":96}},"publisher":{"@type":"Organization","name":"solartis.cz","logo":{"@type":"ImageObject","@id":"\/logo.png","url":"\/logo.png","width":600,"height":60}},"image":{"@type":"ImageObject","@id":"https:\/\/www.solartis.cz\/wp-content\/uploads\/volebn%C3%AD%20urny.png","url":"https:\/\/www.solartis.cz\/wp-content\/uploads\/volebn%C3%AD%20urny.png","height":0,"width":0},"url":"https:\/\/www.solartis.cz\/politika-je-umeni-mozneho\/","about":["Politika"],"wordCount":417,"articleBody":"Ka\u017ed\u00e1 zem na sv\u011bt\u011b pot\u0159ebuje, aby j\u00ed n\u011bkdo vl\u00e1dnul. Aby m\u011bla n\u011bjakou autoritu, kter\u00e1 za\u0159\u00edd\u00ed, aby to tu v\u0161echno dohromady n\u011bjak fungovalo, aby tady nepanoval chaos a bezpr\u00e1v\u00ed, kde by si ka\u017ed\u00fd d\u011blal, co ho napadne. A politika neslou\u017e\u00ed jenom k\u00a0tomu, aby m\u011bli lidi n\u011bjak\u00e9ho st\u00e1tu sv\u00e9 p\u00e1ny, kte\u0159\u00ed za n\u011b rozhoduj\u00ed, ale taky aby n\u011bkdo takovou zem reprezentoval v\u00a0cizin\u011b, aby ka\u017ed\u00fd v\u011bd\u011bl, na koho se m\u00e1 obr\u00e1tit, pokud mu jde o n\u011bco konkr\u00e9tn\u00ed.Z\u00a0toho d\u016fvodu je politika nepostradateln\u00e1. Jen\u017ee sou\u010dasn\u011b jsou tady i dal\u0161\u00ed okolnosti, kter\u00e9 zavi\u0148uj\u00ed, \u017ee politiku lidi nemaj\u00ed r\u00e1di, i kdy\u017e se bez n\u00ed ned\u00e1 obej\u00edt.Spousta lid\u00ed t\u0159eba v\u011b\u0159\u00ed, \u017ee kdy\u017e daj\u00ed hlas politikovi, kter\u00fd jim sl\u00edbil to, co se jim l\u00edb\u00ed, do\u010dkaj\u00ed se spln\u011bn\u00ed toho slibu. Ale to se \u010dasto nestane. Nejenom proto, \u017ee kandid\u00e1ti ve volb\u00e1ch i jindy \u010dasto l\u017eou, ale t\u0159eba i proto, \u017ee jin\u00ed lidi zvol\u00ed jin\u00e9 kandid\u00e1ty a ti prosad\u00ed n\u011bco jin\u00e9ho.Spousta lid\u00ed taky v\u011b\u0159\u00ed n\u011bkomu, komu se v\u011b\u0159it ned\u00e1. D\u011bje se to i tehdy, kdy by se to dalo snadno prokouknout. Voli\u010di v\u011b\u0159\u00ed n\u011bkdy t\u011bm, kdo sl\u00edb\u00ed zv\u00fd\u0161en\u00ed plat\u016f, i kdy\u017e je st\u00e1t a\u017e po u\u0161i v\u00a0dluz\u00edch, v\u011b\u0159\u00ed, \u017ee se svrhne kapitalismus a nastol\u00ed nov\u00fd a lep\u0161\u00ed \u0159\u00e1d. V\u011b\u0159\u00ed, \u017ee politik jist\u00e9 orientace a strany zastav\u00ed zdra\u017eov\u00e1n\u00ed, i kdy\u017e to nem\u00e1 jak za\u0159\u00eddit, nebo\u0165 obchody jsou soukrom\u00e9, n\u011bkdo lidem sl\u00edb\u00ed bezplatn\u00e9 vysoko\u0161kolsk\u00e9 vzd\u011bl\u00e1n\u00ed, i kdy\u017e je jasn\u00e9, \u017ee se takov\u00e9 \u0161koly mus\u00ed n\u011bjak u\u017eivit a on jim nic ned\u00e1.A kdy\u017e n\u011bkoho \u0161patn\u00e9ho zvol\u00edme, m\u00e1me ve zvyku na n\u011bj nad\u00e1vat. Nap\u0159ed na jednotlivce, pak na vl\u00e1du, na parlament, sen\u00e1t, okresn\u00ed a krajsk\u00e9 politick\u00e9 struktury a t\u0159eba nakonec i na obecn\u00ed zastupitele. Nad\u00e1v\u00e1me v\u00edc a v\u00edc, a\u017e nakonec znechucen\u00ed rezignujeme a rad\u0161i se o politiku p\u0159estaneme starat s\u00a0t\u00edm, \u017ee jsou ti naho\u0159e prost\u011b dobytek nebo je\u0161t\u011b n\u011bco hor\u0161\u00edho. A to je to nejhor\u0161\u00ed. Proto\u017ee kdy\u017e se lidi nestaraj\u00ed o politiku, politik\u016fm projde kdejak\u00e1 lump\u00e1rna. A to by nem\u011blo b\u00fdt.                                                                                                                                                                                                                                                                                                                                                                                        3.6\/5 - (10 votes)        "},{"@context":"https:\/\/schema.org\/","@type":"BreadcrumbList","itemListElement":[{"@type":"ListItem","position":1,"name":"Politika je um\u011bn\u00ed mo\u017en\u00e9ho","item":"https:\/\/www.solartis.cz\/politika-je-umeni-mozneho\/#breadcrumbitem"}]}]