[{"@context":"https:\/\/schema.org\/","@type":"Article","@id":"https:\/\/www.solartis.cz\/malebne-ale-za-dobrou-cenu\/#Article","mainEntityOfPage":"https:\/\/www.solartis.cz\/malebne-ale-za-dobrou-cenu\/","headline":"Malebn\u00e9, ale za dobrou cenu","name":"Malebn\u00e9, ale za dobrou cenu","description":"M\u00e1te-li vlastn\u00ed pozemek, m\u016f\u017eete na n\u011bm m\u00edt i vlastn\u00ed bydlen\u00ed. A v\u016fbec nevad\u00ed, \u017ee nejste majiteli stavebn\u00ed parcely. Mobiln\u00ed domy, kter\u00e9 najdete v nab\u00eddce na\u0161\u00ed firmy, jsou ji\u017e samoz\u0159ejm\u011b d\u00e1vno zkonstruov\u00e1ny a pln\u011b p\u0159ipraveny k pou\u017e\u00edv\u00e1n\u00ed. Jejich koup\u011b je velice dobr\u00e1 investice, jeliko\u017e jsou mnohem levn\u011bj\u0161\u00ed, ne\u017e-li b\u011b\u017en\u00e9 byty, o klasick\u00fdch zd\u011bn\u00fdch stavb\u00e1ch nemluv\u011b. Nejsou sice nejv\u011bt\u0161\u00ed. Obytn\u00fd prostor ale [&hellip;]","datePublished":"2025-04-15","dateModified":"2025-04-15","author":{"@type":"Person","@id":"https:\/\/www.solartis.cz\/author\/#Person","name":"","url":"https:\/\/www.solartis.cz\/author\/","identifier":1,"image":{"@type":"ImageObject","@id":"https:\/\/secure.gravatar.com\/avatar\/d6cba3ab97c30e0df0e32548954cb6b1550f4672bd3a4687bf1118b122d757e8?s=96&d=mm&r=g","url":"https:\/\/secure.gravatar.com\/avatar\/d6cba3ab97c30e0df0e32548954cb6b1550f4672bd3a4687bf1118b122d757e8?s=96&d=mm&r=g","height":96,"width":96}},"publisher":{"@type":"Organization","name":"solartis.cz","logo":{"@type":"ImageObject","@id":"\/logo.png","url":"\/logo.png","width":600,"height":60}},"url":"https:\/\/www.solartis.cz\/malebne-ale-za-dobrou-cenu\/","wordCount":162,"articleBody":"M\u00e1te-li vlastn\u00ed pozemek, m\u016f\u017eete na n\u011bm m\u00edt i vlastn\u00ed bydlen\u00ed. A v\u016fbec nevad\u00ed, \u017ee nejste majiteli stavebn\u00ed parcely. Mobiln\u00ed domy, kter\u00e9 najdete v nab\u00eddce na\u0161\u00ed firmy, jsou ji\u017e samoz\u0159ejm\u011b d\u00e1vno zkonstruov\u00e1ny a pln\u011b p\u0159ipraveny k pou\u017e\u00edv\u00e1n\u00ed. Jejich koup\u011b je velice dobr\u00e1 investice, jeliko\u017e jsou mnohem levn\u011bj\u0161\u00ed, ne\u017e-li b\u011b\u017en\u00e9 byty, o klasick\u00fdch zd\u011bn\u00fdch stavb\u00e1ch nemluv\u011b. Nejsou sice nejv\u011bt\u0161\u00ed. Obytn\u00fd prostor ale nen\u00ed o nic men\u0161\u00ed, ne\u017e-li obytn\u00fd prostor v panel\u00e1kov\u00e9m byt\u011b. M\u016f\u017eete je vyu\u017e\u00edt v\u00edce zp\u016fsoby Mobiln\u00ed domy se dnes nevyu\u017e\u00edvaj\u00ed pouze k bydlen\u00ed \u010di k rekreaci, ale jejich mo\u017enost\u00ed si v\u0161imli i mnoz\u00ed podnikatel\u00e9. A to nejen v \u010cesk\u00e9 republice, ale po cel\u00e9m sv\u011bt\u011b. B\u011b\u017en\u011b tak v t\u011bchto obydl\u00edch funguj\u00ed kade\u0159nictv\u00ed, kancel\u00e1\u0159e \u010di obchod s rychl\u00fdm ob\u010derstven\u00edm. Z\u00e1le\u017e\u00ed jen na fantazii.                                                                                                                                                                                                                                                                                                                                                                                                "},{"@context":"https:\/\/schema.org\/","@type":"BreadcrumbList","itemListElement":[{"@type":"ListItem","position":1,"name":"Malebn\u00e9, ale za dobrou cenu","item":"https:\/\/www.solartis.cz\/malebne-ale-za-dobrou-cenu\/#breadcrumbitem"}]}]