[{"@context":"https:\/\/schema.org\/","@type":"Article","@id":"https:\/\/www.solartis.cz\/cesta-zacinajici-fotografa-nejen-o-sebepoznavani\/#Article","mainEntityOfPage":"https:\/\/www.solartis.cz\/cesta-zacinajici-fotografa-nejen-o-sebepoznavani\/","headline":"Cesta za\u010d\u00ednaj\u00edc\u00ed Fotografa, nejen o sebepozn\u00e1v\u00e1n\u00ed","name":"Cesta za\u010d\u00ednaj\u00edc\u00ed Fotografa, nejen o sebepozn\u00e1v\u00e1n\u00ed","description":"Poprv\u00e9 jsem dr\u017eel v rukou \u201cfo\u0165\u00e1k\u201d asi p\u0159ed 26 lety. Byl to sta\u0159i\u010dk\u00fd rusk\u00fd Zenit, kter\u00fd t\u00e1tovi le\u017eel v polici ve sk\u0159\u00edni. Ani u\u017e nev\u00edm, co m\u011b p\u0159im\u011blo koupit do n\u011bj fotografick\u00fd film a j\u00edt\u00a0ven fotit. Nic jsem o tom nev\u011bd\u011bl, a asi jsem m\u011bl chu\u0165 d\u011blat n\u011bco k \u010demu m\u011bl vztah. R\u00e1d na t\u011bch p\u00e1r dn\u00ed, \u0159ekn\u011bme odpoledn\u00ed, vzpom\u00edn\u00e1m. [&hellip;]","datePublished":"2021-09-11","dateModified":"2023-05-01","author":{"@type":"Person","@id":"https:\/\/www.solartis.cz\/author\/#Person","name":"","url":"https:\/\/www.solartis.cz\/author\/","identifier":1,"image":{"@type":"ImageObject","@id":"https:\/\/secure.gravatar.com\/avatar\/d6cba3ab97c30e0df0e32548954cb6b1550f4672bd3a4687bf1118b122d757e8?s=96&d=mm&r=g","url":"https:\/\/secure.gravatar.com\/avatar\/d6cba3ab97c30e0df0e32548954cb6b1550f4672bd3a4687bf1118b122d757e8?s=96&d=mm&r=g","height":96,"width":96}},"publisher":{"@type":"Organization","name":"solartis.cz","logo":{"@type":"ImageObject","@id":"\/logo.png","url":"\/logo.png","width":600,"height":60}},"image":{"@type":"ImageObject","@id":"https:\/\/www.solartis.cz\/wp-content\/uploads\/Fotoapar%C3%A1t%20Olympus%20OMD.jpg","url":"https:\/\/www.solartis.cz\/wp-content\/uploads\/Fotoapar%C3%A1t%20Olympus%20OMD.jpg","height":0,"width":0},"url":"https:\/\/www.solartis.cz\/cesta-zacinajici-fotografa-nejen-o-sebepoznavani\/","about":["Z\u00e1bava"],"wordCount":1213,"articleBody":"Poprv\u00e9 jsem dr\u017eel v rukou \u201cfo\u0165\u00e1k\u201d asi p\u0159ed 26 lety. Byl to sta\u0159i\u010dk\u00fd rusk\u00fd Zenit, kter\u00fd t\u00e1tovi le\u017eel v polici ve sk\u0159\u00edni. Ani u\u017e nev\u00edm, co m\u011b p\u0159im\u011blo koupit do n\u011bj fotografick\u00fd film a j\u00edt\u00a0ven fotit. Nic jsem o tom nev\u011bd\u011bl, a asi jsem m\u011bl chu\u0165 d\u011blat n\u011bco k \u010demu m\u011bl vztah. R\u00e1d na t\u011bch p\u00e1r dn\u00ed, \u0159ekn\u011bme odpoledn\u00ed, vzpom\u00edn\u00e1m. Jedna fotografie mi utkv\u011bla v pam\u011bti, a to, jak\u00a0n\u011bkolikam\u011bs\u00ed\u010dn\u00ed \u0161t\u011bn\u011b o\u010dich\u00e1v\u00e1 pampeli\u0161ku.\u00a0Skoro to vid\u00edm p\u0159ed sebou, jeho hn\u011bd\u00e1 krabat\u00e1 k\u016f\u017ee na \u010dele, v pozad\u00ed rozost\u0159en\u00e1 zelen\u00e1 tr\u00e1va a \u017elut\u00e1 pampeli\u0161ka p\u0159\u00edmo u jeho \u010dern\u00e9ho \u201cnosu\u201d.\u00a0Ned\u00e1 se \u0159\u00edci, \u017ee by m\u011b vedla touha b\u00fdt profesion\u00e1ln\u00edm\u00a0fotografem,\u00a0 ale uklid\u0148uje m\u011b tato \u010dinnost a p\u0159in\u00e1\u0161\u00ed mi do \u017eivota\u00a0ur\u010dit\u00fd typ svobody, kter\u00e1 by bez fotoapar\u00e1tu nebyla mo\u017en\u00e1.\u00a0\u00a0\u00a0 \u00a0 \u00a0 \u00a0 \u00a0 \u00a0 \u00a0 \u00a0 \u00a0 \u00a0 \u00a0 \u00a0 \u00a0 \u00a0 \u00a0 \u00a0 \u00a0 \u00a0 \u00a0 \u00a0 \u00a0 \u00a0 \u00a0 \u00a0 \u00a0\u00a0K focen\u00ed jsem se dostal n\u00e1hodou na p\u0159elomu m\u00fdch ket\u00a0(41 &#8211; 42). Pot\u0159eboval jsem b\u011bhem p\u00e1r m\u011bs\u00edc\u016f mluvit i ps\u00e1t v anglick\u00e9m jazyce a m\u00e1 u\u010ditelka, Kate\u0159ina, mi s t\u00edm pom\u00e1hala. Jednou jsem zahl\u00e9dl jej\u00ed post s\u00a0fotografiemi\u00a0a je t\u0159eba p\u0159iznat, \u017ee m\u011b zaujaly.\u00a0Vypr\u00e1v\u011bly p\u0159\u00edb\u011bh o v\u0161edn\u00edch v\u011bcech. Byly dob\u0159e zaost\u0159en\u00e9, barevn\u00e9 a jejich kompozice ten p\u0159\u00edb\u011bh dok\u00e1zala p\u0159edat tomu n\u011b\u010demu v m\u00e9m nitru.\u00a0Zaujalo m\u011b to, \u010di p\u0159im\u011blo ten vnit\u0159n\u00ed pocit zkoumat, a rozhodl jsem se zkusit to co vn\u00edm\u00e1m\u00a0na jejich fotografi\u00edch vyj\u00e1d\u0159it v tom co m\u011b oslovuje. To je tvrzen\u00ed m\u00e9ho sou\u010dasn\u00e9ho j\u00e1, to p\u0159ed dv\u011bma lety nem\u011blo ani pon\u011bt\u00ed co to je digit\u00e1ln\u00ed fotografie a up\u0159\u00edmn\u011b, asi jsem j\u00ed i tak trochu opovrhoval. Na co\u017e jsem ji\u017e \u00fapln\u011b zapomn\u011bl. Digit\u00e1ln\u00ed fotografie p\u0159ijmi moj\u00ed up\u0159\u00edmnou omluvu!\u00a0Nedok\u00e1\u017ei \u0159\u00edci, jak se mi sebevyj\u00e1d\u0159en\u00ed da\u0159\u00ed, ale poka\u017ed\u00e9 p\u0159i focen\u00ed vn\u00edm\u00e1m klid a odpo\u010dinek. Mo\u017en\u00e1 mohu zm\u00ednit, \u017ee se mi p\u0159iznal kamar\u00e1d, jeho d\u011bd, a i jeho tat\u00ednek se v\u011bnovali fotografii, pod\u011blil se se mnou o sv\u00e9m skepticizmu v\u016f\u010di m\u00e9mu rozhodnut\u00ed j\u00edt touto cestou, a srde\u010dn\u011b, po shl\u00e9dnut\u00ed m\u00fdch fotografi\u00ed \u0159ekl, \u017ee se mu l\u00edb\u00ed.\u00a0Byl jsem p\u0159ekvapen a uvnit\u0159 jsem pook\u0159\u00e1l.\u00a0Dok\u00e1\u017ei d\u011blat n\u011bco dob\u0159e jen tak, z vlastn\u00edho z\u00e1jmu a umu.\u00a0\u00a0Fotografie, \u010di fotografov\u00e1n\u00ed znamen\u00e1 malba sv\u011btlem.\u00a0\u00a0D\u00e1 se \u0159\u00edci, \u017ee je jen na n\u00e1s, jak v\u00fdsledn\u00e1 fotografie bude vypadat. Je to na\u0161e sebevyj\u00e1d\u0159en\u00ed, na\u0161e volna a svoboda.\u00a0 Stejn\u011b jako \u0161ir\u00e9 pole mal\u00ed\u0159e, kter\u00fd se vyjad\u0159uje skrz b\u00edl\u00e9 pl\u00e1tno. Nicm\u00e9n\u011b, je dobr\u00e9 dr\u017eet se ur\u010dit\u00fdch princip\u016f a parametr\u016f, jak v\u00fdslednou fotografii budeme koncipovat.\u00a0Moment\u00e1ln\u011b fot\u00edm, p\u0159es dva roky a postupn\u011b v\u00edce a v\u00edce ch\u00e1pu vztahy jen\u017e udr\u017euje magick\u00fd troj\u00faheln\u00edk (Citlivost senzoru, Rychlost z\u00e1v\u011brky, a Clony), aby se doc\u00edlilo \u017e\u00e1dan\u00e9ho v\u00fdsledku.\u00a0V\u0161e je o tom dostat na senzor dostatek sv\u011btla, v situaci, kterou fot\u00edme a za podm\u00ednek, kter\u00e9 aktu\u00e1ln\u011b nastaly, aby senzor mohl zrcadlit to na co venku objektivem m\u00ed\u0159\u00edme. Bylo p\u0159\u00edjemn\u00e9 zjistit, \u017ee jsem v\u00edce praktik ne\u017e teoretik. tak mi trvalo dva roky ne\u017e to kone\u010dn\u011b\u00a0doklaplo. Co\u017e je jedna z v\u011bc\u00ed, kterou mi fotografov\u00e1n\u00ed pomohlo vyjevit o sob\u011b. I kdy\u017e jsem tu souvislost pln\u011b nech\u00e1pal, stejn\u011b m\u011b bavilo fotit a po\u0159\u00e1d bylo co zkoumat a kde r\u016fst. Nebylo t\u0159eba na nic tla\u010dit, klid, objevov\u00e1n\u00ed a radost z \u010dasu str\u00e1ven\u00fdm s fotografii m\u011b tam s\u00e1m dovedl. Ne, \u017ee jen ch\u00e1pu magick\u00fd troj\u00faheln\u00edk, ale z\u00e1rove\u0148 i vid\u00edm co m\u00e1 cenu fotit, a v\u00edce jsem se s\u017eil se v\u0161emi tla\u010d\u00edtky a nastaven\u00edmi na fotoapar\u00e1tu.\u00a0V ni\u010dem na nic nesp\u011bchejte. Sna\u017ete se jen pokra\u010dovat a roz\u0161i\u0159ovat sv\u00e9 mo\u017enosti, a\u0165 z\u00e1pal, kter\u00fd V\u00e1s k \u010dinnosti p\u0159ivede (nejen\u00a0fotografov\u00e1n\u00ed), se ml\u017ee zm\u011bnit v plam\u00ednek, kter\u00fd V\u00e1s v\u017edy dok\u00e1\u017ee p\u0159iv\u00e9st zp\u011bt do klidu.\u00a0Na doporu\u010den\u00ed Katky jsem se na cestu fotografie vybavil fotoapar\u00e1tem\u00a0Olympus. Zat\u00edm po dvou letech mi nic nechyb\u00ed a st\u00e9le fot\u00edm touto zna\u010dkou. Za\u010dal jsem s OLYMPUS\u00a0Pen\u00a0Mini E-PM1. P\u0159izn\u00e1m se, nic, ale zhola nic si o n\u011bm nepamatuji. Vzpomn\u011bl jsem si jen na\u00a0Olympus\u00a0Pen\u00a0E-PL7, ale n\u011bjak jsem m\u011bl pocit mezery, pr\u00e1zdn\u00e9ho m\u00edsta, jako by je\u0161t\u011b n\u011bco chyb\u011blo, a a\u017e po n\u011bkolika minut\u00e1ch proch\u00e1zen\u00ed fotografi\u00ed jsem narazil na E-PM1.\u00a0\u00a0A byl to on m\u016fj prvn\u00ed digit\u00e1ln\u00ed fotoapar\u00e1t.\u00a0Moment\u00e1ln\u011b pou\u017e\u00edv\u00e1m \u0159adu\u00a0OMD\u00a0a to Mark II. P\u0159edchoz\u00ed dva, E-PM1 a EPL-7 nemaj\u00ed na t\u011ble v budovan\u00fd elektronick\u00fd hled\u00e1\u010dek, co\u017e zjistil jsem mi chyb\u011blo abych se mohl na z\u00e1b\u011br\u00a0skute\u010dn\u011b soust\u0159edit. Pot\u0159eboval jsem ho.\u00a0\u00a0Pro EPL-7 jsem si objednal elektronick\u00fd hled\u00e1\u010dek VF-4 a to mi otev\u0159elo cestu pro pokra\u010dov\u00e1n\u00ed. Bez tohoto kroku\u00a0nev\u00edm,\u00a0jak by m\u00e1 cesta pokra\u010dovala.\u00a0Koupil jsem ho p\u0159es\u00a0ebay\u00a0a v podstat\u011b ve\u0161kerou techniku, kter\u00e1 mi za dva roky pro\u0161la rukama jsem kupoval z druh\u00e9 ruky (t\u0159i fotoapar\u00e1ty a 7 objektiv\u016f).\u00a0Moc jsem se neob\u00e1val, \u017ee by mi do\u0161lo n\u011bco jin\u00e9ho, \u010di po\u0161kozen\u00e9ho, Technika nen\u00ed levn\u00e1 a bazarov\u00e9 kusy jsou v\u011bt\u0161inou ope\u010dov\u00e1van\u00e9, a skoro o polovinu levn\u011bj\u0161\u00ed ne\u017e nov\u00e9.\u00a0Jedin\u00e9,\u00a0na co si mo\u017eno d\u00e1vat pozor je, kolik m\u00e1 nafocena z\u00e1v\u011brka fotoapar\u00e1tu, ne\u017e bude t\u0159eba z\u00e1sah servisn\u00edho st\u0159ediska.\u00a0\u00a0D\u00e1 se to zjistit z digit\u00e1ln\u00ed fotografie, kter\u00e1 m\u00e1 v sob\u011b zna\u010dku kolik\u00e1t\u00e1 je v po\u0159ad\u00ed. Ur\u010dit\u011b n\u011bjak\u00fd n\u00e1vod najdete na webu. J\u00e1 jsem toto na sv\u00e9m za\u010d\u00e1tku nev\u011bd\u011bl, a v\u0161echny t\u0159i fotoapar\u00e1ty byly pro m\u011b na\u0161t\u011bst\u00ed v po\u0159\u00e1dku. Jen te\u010f ji\u017e o tom v\u00edm, tak to je pro m\u011b\u00a0vyk\u0159i\u010dn\u00edkem\u00a0v mysli se na to p\u0159\u00edpadn\u011b p\u0159\u00ed\u0161t\u011b pozeptat, a\u0165 s\u00e1m sob\u011b pozd\u011bji nehubuji.\u00a0Technika z druh\u00e9 ruky je tedy bezpe\u010dn\u00e1, ale v\u017edy respektujte, jak\u00fd vy m\u00e1te pocit z komunikace s prodejcem, a i z toho, zda to je n\u00e1kup, kter\u00fd V\u00e1m prakticky pom\u016f\u017ee ud\u011blat dal\u0161\u00ed krok na t\u00e9to dobr\u00e9 cest\u011b.\u00a0P\u0159eji V\u00e1m dobr\u00e9 kroky na Va\u0161ich kreativn\u00edch cest\u00e1ch.\u00a0                                                                                                                                                                                                                                                                                                                                                                                        4.4\/5 - (11 votes)        "},{"@context":"https:\/\/schema.org\/","@type":"BreadcrumbList","itemListElement":[{"@type":"ListItem","position":1,"name":"Cesta za\u010d\u00ednaj\u00edc\u00ed Fotografa, nejen o sebepozn\u00e1v\u00e1n\u00ed","item":"https:\/\/www.solartis.cz\/cesta-zacinajici-fotografa-nejen-o-sebepoznavani\/#breadcrumbitem"}]}]